{"id":117,"date":"2022-04-13T07:43:35","date_gmt":"2022-04-13T07:43:35","guid":{"rendered":"https:\/\/kerwe-gadern.de\/?p=117"},"modified":"2022-04-13T07:43:37","modified_gmt":"2022-04-13T07:43:37","slug":"die-kerwe-ist-zurueck","status":"publish","type":"post","link":"https:\/\/kerwe-gadern.de\/?p=117","title":{"rendered":"Die Kerwe ist zur\u00fcck!"},"content":{"rendered":"\n<p>Liebe Garemer und Kerweg\u00e4ste,<\/p>\n\n\n\n<p><br>es ist kaum zu glauben, nachdem zweimal die Garemer Kerb wegen der Corona Pandemie ausfallen musste, hat sich die Lage endlich so weit entspannt, dass wir es dieses Jahr wieder wagen k\u00f6nnen, eine echte Kerwe zu organisieren und zu feiern! Eine Kerwe mit Menschen von Angesicht zu Angesicht, mit Kontakten, die uns so gefehlt haben. Nicht online oder virtuell , sondern live und in Farbe auf dem Kerweplatz in Gadern. Wir freuen uns, dass wir einen gro\u00dfen Schritt in die Normalit\u00e4t des d\u00f6rflichen Lebens mit dem Feiern der Garerem Kerb machen. Die Organisation zur Kerwe l\u00e4uft bereits und wir werden Euch mit unserer Seite auf dem Laufenden halten. Wir sehen uns bald!<\/p>\n\n\n\n<p> <\/p>\n","protected":false},"excerpt":{"rendered":"<p>Liebe Garemer und Kerweg\u00e4ste, es ist kaum zu glauben, nachdem zweimal die Garemer Kerb wegen der Corona Pandemie ausfallen musste, hat sich die Lage endlich so weit entspannt, dass wir&hellip;<\/p>\n","protected":false},"author":2,"featured_media":59,"comment_status":"open","ping_status":"closed","sticky":false,"template":"","format":"standard","meta":{"footnotes":""},"categories":[1],"tags":[8,6,4,7,5],"class_list":["post-117","post","type-post","status-publish","format-standard","has-post-thumbnail","hentry","category-keinekategorie","tag-8","tag-corona","tag-kerwe","tag-pandemie","tag-zurueck"],"_links":{"self":[{"href":"https:\/\/kerwe-gadern.de\/index.php?rest_route=\/wp\/v2\/posts\/117","targetHints":{"allow":["GET"]}}],"collection":[{"href":"https:\/\/kerwe-gadern.de\/index.php?rest_route=\/wp\/v2\/posts"}],"about":[{"href":"https:\/\/kerwe-gadern.de\/index.php?rest_route=\/wp\/v2\/types\/post"}],"author":[{"embeddable":true,"href":"https:\/\/kerwe-gadern.de\/index.php?rest_route=\/wp\/v2\/users\/2"}],"replies":[{"embeddable":true,"href":"https:\/\/kerwe-gadern.de\/index.php?rest_route=%2Fwp%2Fv2%2Fcomments&post=117"}],"version-history":[{"count":2,"href":"https:\/\/kerwe-gadern.de\/index.php?rest_route=\/wp\/v2\/posts\/117\/revisions"}],"predecessor-version":[{"id":119,"href":"https:\/\/kerwe-gadern.de\/index.php?rest_route=\/wp\/v2\/posts\/117\/revisions\/119"}],"wp:featuredmedia":[{"embeddable":true,"href":"https:\/\/kerwe-gadern.de\/index.php?rest_route=\/wp\/v2\/media\/59"}],"wp:attachment":[{"href":"https:\/\/kerwe-gadern.de\/index.php?rest_route=%2Fwp%2Fv2%2Fmedia&parent=117"}],"wp:term":[{"taxonomy":"category","embeddable":true,"href":"https:\/\/kerwe-gadern.de\/index.php?rest_route=%2Fwp%2Fv2%2Fcategories&post=117"},{"taxonomy":"post_tag","embeddable":true,"href":"https:\/\/kerwe-gadern.de\/index.php?rest_route=%2Fwp%2Fv2%2Ftags&post=117"}],"curies":[{"name":"wp","href":"https:\/\/api.w.org\/{rel}","templated":true}]}}